{"id":36,"date":"2023-03-03T08:40:40","date_gmt":"2023-03-03T11:40:40","guid":{"rendered":"https:\/\/www.authenticpcf.com.br\/blog\/?p=36"},"modified":"2023-03-03T08:41:19","modified_gmt":"2023-03-03T11:41:19","slug":"a-importancia-das-portas-industriais-no-combate-ao-incendio","status":"publish","type":"post","link":"https:\/\/www.authenticpcf.com.br\/blog\/2023\/03\/03\/a-importancia-das-portas-industriais-no-combate-ao-incendio\/","title":{"rendered":"<strong>A import\u00e2ncia das portas industriais no combate ao inc\u00eandio<\/strong>"},"content":{"rendered":"\n<p>Em uma situa\u00e7\u00e3o de inc\u00eandio, muitas medidas de seguran\u00e7a podem minimizar os danos. A&nbsp;<strong>porta industrial&nbsp;<\/strong>\u00e9 uma delas, pois impede a propaga\u00e7\u00e3o do fogo para os demais ambientes e evita que acidentes maiores ocorram. Elas s\u00e3o revestidas por l\u00e2minas que impedem as labaredas e fuma\u00e7as t\u00f3xicas de invadir outros espa\u00e7os.<\/p>\n\n\n\n<p>Sua presen\u00e7a \u00e9 extremamente importante em ambientes industriais, armaz\u00e9ns, centros de distribui\u00e7\u00e3o, por se tratar de uma seguran\u00e7a indispens\u00e1vel no combate ao inc\u00eandio. Fique neste artigo e descubra mais sobre a import\u00e2ncia desse item!<\/p>\n\n\n\n<p><\/p>\n\n\n\n<h2 class=\"wp-block-heading\">Uma barreira importante<\/h2>\n\n\n\n<p>Porta industrial tem como principal objetivo proteger as pessoas em um inc\u00eandio do pelo avan\u00e7o das chamas, criando uma\u00a0<strong>barreira contra o calor e a fuma\u00e7a.<\/strong><br>Ela deve ser instalada em ambientes industriais, armaz\u00e9ns e centros de distribui\u00e7\u00e3o, com alto risco de inc\u00eandio e a partir de um relat\u00f3rio de inspe\u00e7\u00e3o do corpo de bombeiros.<\/p>\n\n\n\n<p><\/p>\n\n\n\n<h2 class=\"wp-block-heading\">Quais modelos posso escolher?<\/h2>\n\n\n\n<p>A porta corta fogo P240 est\u00e1 dispon\u00edvel&nbsp; em modelos de correr, com fechamento horizontal, modelos de abrir, com eixo vertical, e modelos guilhotina, com fechamento vertical, A depender do tamanho do ambiente em que ela ser\u00e1 colocada. Confira \u00e0 seguir:<\/p>\n\n\n\n<ul class=\"wp-block-list\">\n<li><strong>Porta industrial tipo eixo vertical P240 &#8211; folha simples.<\/strong><\/li>\n\n\n\n<li><strong>Porta industrial tipo eixo vertical P240 &#8211; folha dupla.<\/strong><\/li>\n\n\n\n<li><strong>Porta industrial tipo correr P240.<\/strong><\/li>\n\n\n\n<li><strong>Porta industrial tipo Guilhotina.<\/strong><\/li>\n<\/ul>\n\n\n\n<p><\/p>\n\n\n\n<h2 class=\"wp-block-heading\">Quais locais instalar?<\/h2>\n\n\n\n<ul class=\"wp-block-list\">\n<li>Ambientes industriais<\/li>\n\n\n\n<li>Armaz\u00e9ns<\/li>\n\n\n\n<li>Centro de distribui\u00e7\u00e3o<\/li>\n\n\n\n<li>Locais na ind\u00fastria com alto risco de inc\u00eandio<\/li>\n<\/ul>\n\n\n\n<p><\/p>\n\n\n\n<h2 class=\"wp-block-heading\">Como posso comprar?<\/h2>\n\n\n\n<p>A Authentic Pcf possui as melhores solu\u00e7\u00f5es em portas industriais, garantindo a seguran\u00e7a e impedindo a propaga\u00e7\u00e3o de fogo em situa\u00e7\u00f5es de emerg\u00eancia.<\/p>\n\n\n\n<p>Garanta a seguran\u00e7a do seu neg\u00f3cio com as portas industriais da Authentic Pcf.&nbsp;<a href=\"https:\/\/www.authenticpcf.com.br\/porta-industrial\">Acesse nossos modelos<\/a>&nbsp;e solicite um or\u00e7amento agora mesmo.<\/p>\n","protected":false},"excerpt":{"rendered":"<p>Em uma situa\u00e7\u00e3o de inc\u00eandio, muitas medidas de seguran\u00e7a podem minimizar os danos. A&nbsp;porta industrial&nbsp;\u00e9 uma delas, pois impede a propaga\u00e7\u00e3o do fogo para os demais ambientes e evita que acidentes maiores ocorram. Elas s\u00e3o revestidas por l\u00e2minas que impedem as labaredas e fuma\u00e7as t\u00f3xicas de invadir outros espa\u00e7os. Sua presen\u00e7a \u00e9 extremamente importante em&hellip; <a class=\"more-link\" href=\"https:\/\/www.authenticpcf.com.br\/blog\/2023\/03\/03\/a-importancia-das-portas-industriais-no-combate-ao-incendio\/\">Continuar lendo <span class=\"screen-reader-text\"><strong>A import\u00e2ncia das portas industriais no combate ao inc\u00eandio<\/strong><\/span><\/a><\/p>\n","protected":false},"author":1,"featured_media":37,"comment_status":"open","ping_status":"open","sticky":false,"template":"","format":"standard","meta":{"footnotes":""},"categories":[1],"tags":[],"class_list":["post-36","post","type-post","status-publish","format-standard","has-post-thumbnail","hentry","category-sem-categoria","entry"],"yoast_head":"<!-- This site is optimized with the Yoast SEO plugin v21.0 - https:\/\/yoast.com\/wordpress\/plugins\/seo\/ -->\n<title>A import\u00e2ncia das portas industriais no combate ao inc\u00eandio - Authentic Portas Corta Fogo<\/title>\n<meta name=\"robots\" content=\"index, follow, max-snippet:-1, max-image-preview:large, max-video-preview:-1\" \/>\n<link rel=\"canonical\" href=\"https:\/\/www.authenticpcf.com.br\/blog\/2023\/03\/03\/a-importancia-das-portas-industriais-no-combate-ao-incendio\/\" \/>\n<meta property=\"og:locale\" content=\"pt_BR\" \/>\n<meta property=\"og:type\" content=\"article\" \/>\n<meta property=\"og:title\" content=\"A import\u00e2ncia das portas industriais no combate ao inc\u00eandio - Authentic Portas Corta Fogo\" \/>\n<meta property=\"og:description\" content=\"Em uma situa\u00e7\u00e3o de inc\u00eandio, muitas medidas de seguran\u00e7a podem minimizar os danos. A&nbsp;porta industrial&nbsp;\u00e9 uma delas, pois impede a propaga\u00e7\u00e3o do fogo para os demais ambientes e evita que acidentes maiores ocorram. Elas s\u00e3o revestidas por l\u00e2minas que impedem as labaredas e fuma\u00e7as t\u00f3xicas de invadir outros espa\u00e7os. Sua presen\u00e7a \u00e9 extremamente importante em&hellip; Continuar lendo A import\u00e2ncia das portas industriais no combate ao inc\u00eandio\" \/>\n<meta property=\"og:url\" content=\"https:\/\/www.authenticpcf.com.br\/blog\/2023\/03\/03\/a-importancia-das-portas-industriais-no-combate-ao-incendio\/\" \/>\n<meta property=\"og:site_name\" content=\"Authentic Portas Corta Fogo\" \/>\n<meta property=\"article:published_time\" content=\"2023-03-03T11:40:40+00:00\" \/>\n<meta property=\"article:modified_time\" content=\"2023-03-03T11:41:19+00:00\" \/>\n<meta property=\"og:image\" content=\"https:\/\/www.authenticpcf.com.br\/blog\/wp-content\/uploads\/2023\/03\/A-importancia-das-portas-industriais-no-combate-ao-incendio.png\" \/>\n\t<meta property=\"og:image:width\" content=\"800\" \/>\n\t<meta property=\"og:image:height\" content=\"450\" \/>\n\t<meta property=\"og:image:type\" content=\"image\/png\" \/>\n<meta name=\"author\" content=\"admin\" \/>\n<meta name=\"twitter:card\" content=\"summary_large_image\" \/>\n<meta name=\"twitter:label1\" content=\"Escrito por\" \/>\n\t<meta name=\"twitter:data1\" content=\"admin\" \/>\n\t<meta name=\"twitter:label2\" content=\"Est. tempo de leitura\" \/>\n\t<meta name=\"twitter:data2\" content=\"2 minutos\" \/>\n<script type=\"application\/ld+json\" class=\"yoast-schema-graph\">{\"@context\":\"https:\/\/schema.org\",\"@graph\":[{\"@type\":\"WebPage\",\"@id\":\"https:\/\/www.authenticpcf.com.br\/blog\/2023\/03\/03\/a-importancia-das-portas-industriais-no-combate-ao-incendio\/\",\"url\":\"https:\/\/www.authenticpcf.com.br\/blog\/2023\/03\/03\/a-importancia-das-portas-industriais-no-combate-ao-incendio\/\",\"name\":\"A import\u00e2ncia das portas industriais no combate ao inc\u00eandio - Authentic Portas Corta Fogo\",\"isPartOf\":{\"@id\":\"https:\/\/www.authenticpcf.com.br\/blog\/#website\"},\"datePublished\":\"2023-03-03T11:40:40+00:00\",\"dateModified\":\"2023-03-03T11:41:19+00:00\",\"author\":{\"@id\":\"https:\/\/www.authenticpcf.com.br\/blog\/#\/schema\/person\/04f06364f78cfe022b44522f00f4a1bf\"},\"breadcrumb\":{\"@id\":\"https:\/\/www.authenticpcf.com.br\/blog\/2023\/03\/03\/a-importancia-das-portas-industriais-no-combate-ao-incendio\/#breadcrumb\"},\"inLanguage\":\"pt-BR\",\"potentialAction\":[{\"@type\":\"ReadAction\",\"target\":[\"https:\/\/www.authenticpcf.com.br\/blog\/2023\/03\/03\/a-importancia-das-portas-industriais-no-combate-ao-incendio\/\"]}]},{\"@type\":\"BreadcrumbList\",\"@id\":\"https:\/\/www.authenticpcf.com.br\/blog\/2023\/03\/03\/a-importancia-das-portas-industriais-no-combate-ao-incendio\/#breadcrumb\",\"itemListElement\":[{\"@type\":\"ListItem\",\"position\":1,\"name\":\"In\u00edcio\",\"item\":\"https:\/\/www.authenticpcf.com.br\/blog\/\"},{\"@type\":\"ListItem\",\"position\":2,\"name\":\"A import\u00e2ncia das portas industriais no combate ao inc\u00eandio\"}]},{\"@type\":\"WebSite\",\"@id\":\"https:\/\/www.authenticpcf.com.br\/blog\/#website\",\"url\":\"https:\/\/www.authenticpcf.com.br\/blog\/\",\"name\":\"Authentic Portas Corta Fogo\",\"description\":\"S\u00f3 mais um site WordPress\",\"potentialAction\":[{\"@type\":\"SearchAction\",\"target\":{\"@type\":\"EntryPoint\",\"urlTemplate\":\"https:\/\/www.authenticpcf.com.br\/blog\/?s={search_term_string}\"},\"query-input\":\"required name=search_term_string\"}],\"inLanguage\":\"pt-BR\"},{\"@type\":\"Person\",\"@id\":\"https:\/\/www.authenticpcf.com.br\/blog\/#\/schema\/person\/04f06364f78cfe022b44522f00f4a1bf\",\"name\":\"admin\",\"image\":{\"@type\":\"ImageObject\",\"inLanguage\":\"pt-BR\",\"@id\":\"https:\/\/www.authenticpcf.com.br\/blog\/#\/schema\/person\/image\/\",\"url\":\"https:\/\/secure.gravatar.com\/avatar\/fd724ff915f27d7405d7e364b257a0c7e23d2203df9b5ec38807276943fefa6b?s=96&d=mm&r=g\",\"contentUrl\":\"https:\/\/secure.gravatar.com\/avatar\/fd724ff915f27d7405d7e364b257a0c7e23d2203df9b5ec38807276943fefa6b?s=96&d=mm&r=g\",\"caption\":\"admin\"},\"sameAs\":[\"https:\/\/www.authenticpcf.com.br\/blog\"],\"url\":\"https:\/\/www.authenticpcf.com.br\/blog\/author\/admin\/\"}]}<\/script>\n<!-- \/ Yoast SEO plugin. -->","yoast_head_json":{"title":"A import\u00e2ncia das portas industriais no combate ao inc\u00eandio - Authentic Portas Corta Fogo","robots":{"index":"index","follow":"follow","max-snippet":"max-snippet:-1","max-image-preview":"max-image-preview:large","max-video-preview":"max-video-preview:-1"},"canonical":"https:\/\/www.authenticpcf.com.br\/blog\/2023\/03\/03\/a-importancia-das-portas-industriais-no-combate-ao-incendio\/","og_locale":"pt_BR","og_type":"article","og_title":"A import\u00e2ncia das portas industriais no combate ao inc\u00eandio - Authentic Portas Corta Fogo","og_description":"Em uma situa\u00e7\u00e3o de inc\u00eandio, muitas medidas de seguran\u00e7a podem minimizar os danos. A&nbsp;porta industrial&nbsp;\u00e9 uma delas, pois impede a propaga\u00e7\u00e3o do fogo para os demais ambientes e evita que acidentes maiores ocorram. Elas s\u00e3o revestidas por l\u00e2minas que impedem as labaredas e fuma\u00e7as t\u00f3xicas de invadir outros espa\u00e7os. Sua presen\u00e7a \u00e9 extremamente importante em&hellip; Continuar lendo A import\u00e2ncia das portas industriais no combate ao inc\u00eandio","og_url":"https:\/\/www.authenticpcf.com.br\/blog\/2023\/03\/03\/a-importancia-das-portas-industriais-no-combate-ao-incendio\/","og_site_name":"Authentic Portas Corta Fogo","article_published_time":"2023-03-03T11:40:40+00:00","article_modified_time":"2023-03-03T11:41:19+00:00","og_image":[{"width":800,"height":450,"url":"https:\/\/www.authenticpcf.com.br\/blog\/wp-content\/uploads\/2023\/03\/A-importancia-das-portas-industriais-no-combate-ao-incendio.png","type":"image\/png"}],"author":"admin","twitter_card":"summary_large_image","twitter_misc":{"Escrito por":"admin","Est. tempo de leitura":"2 minutos"},"schema":{"@context":"https:\/\/schema.org","@graph":[{"@type":"WebPage","@id":"https:\/\/www.authenticpcf.com.br\/blog\/2023\/03\/03\/a-importancia-das-portas-industriais-no-combate-ao-incendio\/","url":"https:\/\/www.authenticpcf.com.br\/blog\/2023\/03\/03\/a-importancia-das-portas-industriais-no-combate-ao-incendio\/","name":"A import\u00e2ncia das portas industriais no combate ao inc\u00eandio - Authentic Portas Corta Fogo","isPartOf":{"@id":"https:\/\/www.authenticpcf.com.br\/blog\/#website"},"datePublished":"2023-03-03T11:40:40+00:00","dateModified":"2023-03-03T11:41:19+00:00","author":{"@id":"https:\/\/www.authenticpcf.com.br\/blog\/#\/schema\/person\/04f06364f78cfe022b44522f00f4a1bf"},"breadcrumb":{"@id":"https:\/\/www.authenticpcf.com.br\/blog\/2023\/03\/03\/a-importancia-das-portas-industriais-no-combate-ao-incendio\/#breadcrumb"},"inLanguage":"pt-BR","potentialAction":[{"@type":"ReadAction","target":["https:\/\/www.authenticpcf.com.br\/blog\/2023\/03\/03\/a-importancia-das-portas-industriais-no-combate-ao-incendio\/"]}]},{"@type":"BreadcrumbList","@id":"https:\/\/www.authenticpcf.com.br\/blog\/2023\/03\/03\/a-importancia-das-portas-industriais-no-combate-ao-incendio\/#breadcrumb","itemListElement":[{"@type":"ListItem","position":1,"name":"In\u00edcio","item":"https:\/\/www.authenticpcf.com.br\/blog\/"},{"@type":"ListItem","position":2,"name":"A import\u00e2ncia das portas industriais no combate ao inc\u00eandio"}]},{"@type":"WebSite","@id":"https:\/\/www.authenticpcf.com.br\/blog\/#website","url":"https:\/\/www.authenticpcf.com.br\/blog\/","name":"Authentic Portas Corta Fogo","description":"S\u00f3 mais um site WordPress","potentialAction":[{"@type":"SearchAction","target":{"@type":"EntryPoint","urlTemplate":"https:\/\/www.authenticpcf.com.br\/blog\/?s={search_term_string}"},"query-input":"required name=search_term_string"}],"inLanguage":"pt-BR"},{"@type":"Person","@id":"https:\/\/www.authenticpcf.com.br\/blog\/#\/schema\/person\/04f06364f78cfe022b44522f00f4a1bf","name":"admin","image":{"@type":"ImageObject","inLanguage":"pt-BR","@id":"https:\/\/www.authenticpcf.com.br\/blog\/#\/schema\/person\/image\/","url":"https:\/\/secure.gravatar.com\/avatar\/fd724ff915f27d7405d7e364b257a0c7e23d2203df9b5ec38807276943fefa6b?s=96&d=mm&r=g","contentUrl":"https:\/\/secure.gravatar.com\/avatar\/fd724ff915f27d7405d7e364b257a0c7e23d2203df9b5ec38807276943fefa6b?s=96&d=mm&r=g","caption":"admin"},"sameAs":["https:\/\/www.authenticpcf.com.br\/blog"],"url":"https:\/\/www.authenticpcf.com.br\/blog\/author\/admin\/"}]}},"_links":{"self":[{"href":"https:\/\/www.authenticpcf.com.br\/blog\/wp-json\/wp\/v2\/posts\/36","targetHints":{"allow":["GET"]}}],"collection":[{"href":"https:\/\/www.authenticpcf.com.br\/blog\/wp-json\/wp\/v2\/posts"}],"about":[{"href":"https:\/\/www.authenticpcf.com.br\/blog\/wp-json\/wp\/v2\/types\/post"}],"author":[{"embeddable":true,"href":"https:\/\/www.authenticpcf.com.br\/blog\/wp-json\/wp\/v2\/users\/1"}],"replies":[{"embeddable":true,"href":"https:\/\/www.authenticpcf.com.br\/blog\/wp-json\/wp\/v2\/comments?post=36"}],"version-history":[{"count":2,"href":"https:\/\/www.authenticpcf.com.br\/blog\/wp-json\/wp\/v2\/posts\/36\/revisions"}],"predecessor-version":[{"id":39,"href":"https:\/\/www.authenticpcf.com.br\/blog\/wp-json\/wp\/v2\/posts\/36\/revisions\/39"}],"wp:featuredmedia":[{"embeddable":true,"href":"https:\/\/www.authenticpcf.com.br\/blog\/wp-json\/wp\/v2\/media\/37"}],"wp:attachment":[{"href":"https:\/\/www.authenticpcf.com.br\/blog\/wp-json\/wp\/v2\/media?parent=36"}],"wp:term":[{"taxonomy":"category","embeddable":true,"href":"https:\/\/www.authenticpcf.com.br\/blog\/wp-json\/wp\/v2\/categories?post=36"},{"taxonomy":"post_tag","embeddable":true,"href":"https:\/\/www.authenticpcf.com.br\/blog\/wp-json\/wp\/v2\/tags?post=36"}],"curies":[{"name":"wp","href":"https:\/\/api.w.org\/{rel}","templated":true}]}}